{"id":1976,"date":"2020-04-18T21:48:44","date_gmt":"2020-04-19T00:48:44","guid":{"rendered":"https:\/\/mastersul.com.br\/noticias-do-comercio-exterior-legislacoes-e-noticias-do-comex-3\/"},"modified":"2022-11-10T11:02:13","modified_gmt":"2022-11-10T14:02:13","slug":"noticias-do-comercio-exterior-legislacoes-e-noticias-do-comex-3","status":"publish","type":"post","link":"https:\/\/mastersul.com.br\/es\/noticias-do-comercio-exterior-legislacoes-e-noticias-do-comex-3\/","title":{"rendered":"NOT\u00cdCIAS DO COM\u00c9RCIO EXTERIOR \u2013 LEGISLA\u00c7\u00d5ES E NOT\u00cdCIAS DO COMEX"},"content":{"rendered":"\r\n<h4 class=\"wp-block-heading\">NOT\u00cdCIAS SISCOMEX<\/h4>\r\n\r\n\r\n\r\n<p><strong>Importa\u00e7\u00e3o n\u00b0 025\/2020<\/strong><br \/>C\u00f3digos de EX do IPI<br \/>14\/04\/2020<\/p>\r\n\r\n\r\n\r\n<p><strong>Exporta\u00e7\u00e3o n\u00b0 017\/2020<\/strong><br \/>Altera\u00e7\u00e3o do Tratamento Administrativo E0180<br \/>14\/04\/2020<\/p>\r\n\r\n\r\n\r\n<p><strong>Importa\u00e7\u00e3o n\u00b0 024\/2020<\/strong><br \/>Dispensa de licenciamento de anu\u00eancia da SUEXT<br \/>09\/04\/2020<\/p>\r\n\r\n\r\n\r\n<p><strong>Exporta\u00e7\u00e3o n\u00b0 016\/2020<\/strong><br \/>Inclus\u00e3o de NCM no modelo de LPCO E00115<br \/>09\/04\/2020<\/p>\r\n\r\n\r\n\r\n<h4 class=\"wp-block-heading\">PUBLICADO DOU 17\/04\/2020<\/h4>\r\n\r\n\r\n\r\n<p><strong>ATO DECLARAT\u00d3RIO EXECUTIVO N\u00ba 1, DE 16 DE ABRIL DE 2020<\/strong><br \/>Altera o ADE n\u00ba 1\/2019, que disp\u00f5e sobre normas, especifica\u00e7\u00f5es t\u00e9cnicas e procedimentos para a implanta\u00e7\u00e3o de infraestrutura de tecnologia da informa\u00e7\u00e3o nos escrit\u00f3rios da RFB em locais ou recintos alfandegados.<\/p>\r\n\r\n\r\n\r\n<p><strong>ATO DECLARAT\u00d3RIO EXECUTIVO N\u00ba 89, DE 14 DE ABRIL DE 2020<\/strong><br \/>Prorroga\u00e7\u00e3o do prazo de vig\u00eancia do alfandegamento concedido a instala\u00e7\u00f5es portu\u00e1rias localizadas dentro do Porto Organizado de Paranagu\u00e1, de que trata o ADE n\u00ba 67\/2008.<\/p>\r\n\r\n\r\n\r\n<p><strong>CIRCULAR N\u00ba 24, DE 16 DE ABRIL DE 2020<\/strong><br \/>Suspende, por 2 meses, o encerramento da fase probat\u00f3ria e dos prazos subsequentes a que fazem refer\u00eancia os arts. 59 a 63 do Decreto n\u00ba 8.058\/2013, consoante cronograma divulgado no item 2.12 do Anexo I da Circular n\u00ba 15\/2020, referentes \u00e0 revis\u00e3o de final de per\u00edodo da medida antidumping institu\u00edda pela Resolu\u00e7\u00e3o Camex n\u00ba 75\/2014, aplicada \u00e0s importa\u00e7\u00f5es brasileiras de resina de polipropileno, comumente classificadas nos itens NCM 3902.10.20 e 3902.30.00, origin\u00e1rias da \u00c1frica do Sul, da Coreia (Coreia do Sul) e da \u00cdndia, em face do estado de emerg\u00eancia de sa\u00fade p\u00fablica de import\u00e2ncia internacional decorrente do Coronav\u00edrus, causador da Covid-19.<\/p>\r\n\r\n\r\n\r\n<p><strong>CONV\u00caNIO ICMS N\u00ba 36, DE 16 DE ABRIL DE 2020<\/strong><br \/>Disp\u00f5e sobre a ades\u00e3o dos Estados do Acre, Alagoas, Par\u00e1, Paran\u00e1 e Santa Catarina \u00e0 cl\u00e1usula primeira do Conv\u00eanio n\u00ba 188\/2017, que disp\u00f5e sobre benef\u00edcios fiscais do ICMS nas opera\u00e7\u00f5es e presta\u00e7\u00f5es relacionadas \u00e0 constru\u00e7\u00e3o, instala\u00e7\u00e3o e opera\u00e7\u00e3o de Centro Internacional de Conex\u00f5es de Voo &#8211; HUB, e de aquisi\u00e7\u00e3o de querosene de avia\u00e7\u00e3o.<\/p>\r\n\r\n\r\n\r\n<p><strong>INSTRU\u00c7\u00c3O NORMATIVA N\u00ba 8, DE 13 DE ABRIL DE 2020<\/strong><br \/>Altera a IN n\u00ba 2\/2013, que aprova os requisitos fitossanit\u00e1rios para a importa\u00e7\u00e3o de bulbos de alho (Allium sativum) (Categoria 3, Classe 4) produzidos na China; revoga dispositivos da IN n\u00ba 62\/2004, sobre os requisitos fitossanit\u00e1rios para a importa\u00e7\u00e3o de bulbos (Categoria 4, Classe 2) de Tulipa spp. produzidos no Chile; e altera a IN n\u00ba 29\/2017, que estabelece os requisitos fitossanit\u00e1rios para a importa\u00e7\u00e3o de bulbos em repouso vegetativo (Categoria 4, Classe 2) e mudas in vitro (Categoria 4, Classe 1) de l\u00edrio (Lilium spp.) produzidos no Chile.<\/p>\r\n\r\n\r\n\r\n<p><strong>PORTARIA N\u00ba 60 &#8211; COLOG, DE 15 DE ABRIL DE 2020 (*)<\/strong><br \/>Republica\u00e7\u00e3o da Portaria n\u00ba 60\/2020, que estabelece a defini\u00e7\u00e3o de dispositivos de seguran\u00e7a e de identifica\u00e7\u00e3o das armas de fogo fabricadas no Pa\u00eds, exportadas e importadas, de acordo com o previsto na Portaria n\u00ba 46\/2020. Revoga a Portaria D Log n\u00ba 7\/2006.<\/p>\r\n\r\n\r\n\r\n<p><strong>PORTARIA N\u00ba 90, DE 14 DE ABRIL DE 2020<\/strong><br \/>Prorroga o prazo da Consulta P\u00fablica estabelecida pela Portaria n\u00ba 27\/2020, por mais 75 dias, que trata da revis\u00e3o das INs n\u00bas 17, 18 e 19, de 2013, que disp\u00f5em sobre a complementa\u00e7\u00e3o dos Padr\u00f5es de Identidade e Qualidade para \u00e1gua t\u00f4nica de quinino, bebida composta, ch\u00e1, refresco, refrigerante, soda e, quando couber, os respectivos preparados s\u00f3lidos e l\u00edquidos.<\/p>\r\n\r\n\r\n\r\n<p><strong>RESOLU\u00c7\u00c3O N\u00ba 32, DE 16 DE ABRIL DE 2020<\/strong><br \/>Concede redu\u00e7\u00e3o tempor\u00e1ria, para zero por cento, da al\u00edquota do Imposto de Importa\u00e7\u00e3o ao amparo do art. 50, al\u00ednea \u00abd\u00bb, do Tratado de Montevid\u00e9u de 1980, internalizado pelo Decreto Legislativo n\u00ba 66\/1981, para os itens que menciona, tendo por objetivo facilitar o combate \u00e0 pandemia do Coronav\u00edrus (Covid-19). Altera as Resolu\u00e7\u00f5es Camex n\u00bas 125\/2016, 17\/2020, 28\/2020 e 31\/2020.<\/p>\r\n\r\n\r\n\r\n<h4 class=\"wp-block-heading\">PUBLICADO DOU 16\/04\/2020<\/h4>\r\n\r\n\r\n\r\n<p><strong>ATO DECLARAT\u00d3RIO DO PRESIDENTE DA MESA DO CONGRESSO NACIONAL N\u00ba 25, DE 2020<\/strong><br \/>Faz saber que a Medida Provis\u00f3ria n\u00ba 902\/2019, que altera a Lei n\u00ba 5.895\/1973, que autoriza o Poder Executivo a transformar a autarquia Casa da Moeda em empresa p\u00fablica, a Lei n\u00ba 4.502\/1964, que disp\u00f5e sobre o Imposto de Consumo e reorganiza a Diretoria de Rendas Internas, a Lei n\u00ba 11.488\/2007, que cria o Regime Especial de Incentivos para o Desenvolvimento da Infraestrutura (Reidi), reduz para 24 meses o prazo m\u00ednimo para utiliza\u00e7\u00e3o dos cr\u00e9ditos da Contribui\u00e7\u00e3o para o PIS\/Pasep e da Contribui\u00e7\u00e3o para o Financiamento da Seguridade Social (Cofins) decorrentes da aquisi\u00e7\u00e3o de edifica\u00e7\u00f5es e amplia o prazo para pagamento de impostos e contribui\u00e7\u00f5es, e a Lei n\u00ba 12.995\/2014, que prorroga o prazo para a destina\u00e7\u00e3o de recursos aos Fundos Fiscais de Investimentos e altera a legisla\u00e7\u00e3o tribut\u00e1ria federal, teve seu prazo de vig\u00eancia encerrado no dia 14\/04\/2020.<\/p>\r\n\r\n\r\n\r\n<p><strong>PORTARIA N\u00ba 158, DE 15 DE ABRIL DE 2020<\/strong><br \/>Altera a Portaria MF n\u00ba 156\/1999, que estabelece requisitos e condi\u00e7\u00f5es para a aplica\u00e7\u00e3o do Regime de Tributa\u00e7\u00e3o Simplificada institu\u00eddo pelo Decreto-Lei n\u00ba 1.804\/1980.<\/p>\r\n\r\n\r\n\r\n<p><strong>PORTARIA N\u00ba 43, DE 14 DE MAR\u00c7O DE 2020<\/strong><br \/>Delega compet\u00eancia aos Auditores Fiscais da Receita Federal do Brasil lotados na Equipe de Despacho Aduaneiro Diferenciado (EDAD) para proceder o desbloqueio sist\u00eamico das cargas j\u00e1 parametrizadas automaticamente para o canal verde de confer\u00eancia aduaneira das declara\u00e7\u00f5es de importa\u00e7\u00e3o contendo mercadorias destinadas ao diagn\u00f3stico e\/ou combate da doen\u00e7a provocada pelo Coronav\u00edrus (Covid-19) fora dos hor\u00e1rios de realiza\u00e7\u00e3o do procedimento pela Equipe de Gerenciamento de Risco(EQGER).<\/p>\r\n\r\n\r\n\r\n<p><strong>PORTARIA N\u00ba 60 &#8211; COLOG, DE 15 DE MAR\u00c7O DE 2020<\/strong><br \/>Estabelece a defini\u00e7\u00e3o de dispositivos de seguran\u00e7a e de identifica\u00e7\u00e3o das armas de fogo fabricadas no Pa\u00eds, exportadas e importadas, de acordo com o previsto na Portaria n\u00ba 46\/2020. Revoga o normativo que menciona.<\/p>\r\n\r\n\r\n\r\n<p><strong>RESOLU\u00c7\u00c3O &#8211; RDC N\u00ba 371, DE 15 DE ABRIL DE 2020<\/strong><br \/>Altera a Resolu\u00e7\u00e3o RDC n\u00ba 370\/2020, que disp\u00f5e sobre a autoriza\u00e7\u00e3o pr\u00e9via para fins de exporta\u00e7\u00e3o de mat\u00e9ria-prima, produto semielaborado, produto a granel ou produto farmac\u00eautico acabado destinados ao combate da Covid-19.<\/p>\r\n\r\n\r\n\r\n<p><strong>RESOLU\u00c7\u00c3O &#8211; RDC N\u00ba 372, DE 15 DE ABRIL DE 2020<\/strong><br \/>Disp\u00f5e sobre a atualiza\u00e7\u00e3o do Anexo I (Listas de Subst\u00e2ncias Entorpecentes, Psicotr\u00f3picas, Precursoras e Outras sob Controle Especial) da Portaria SVS\/MS n\u00ba 344\/1998, e d\u00e1 outras provid\u00eancias.<\/p>\r\n\r\n\r\n\r\n<h4 class=\"wp-block-heading\">PUBLICADO DOU 15\/04\/2020<\/h4>\r\n\r\n\r\n\r\n<p><strong>CIRCULAR N\u00ba 23, DE 14 DE ABRIL DE 2020<\/strong><br \/>Torna p\u00fablica a altera\u00e7\u00e3o dos prazos estabelecidos na Circular Secex n\u00ba 16\/2020, que servir\u00e3o de par\u00e2metro para o restante da revis\u00e3o da medida antidumping aplicada \u00e0s importa\u00e7\u00f5es de resinas de policloreto de vinila obtidas por processo de suspens\u00e3o (PVC-S), comumente classificadas no subitem NCM 3904.10.10, origin\u00e1rias da China e da Coreia do Sul, e de dano \u00e0 ind\u00fastria dom\u00e9stica decorrente de tal pr\u00e1tica, iniciada por interm\u00e9dio da Circular Secex n\u00ba 50\/2019.<\/p>\r\n\r\n\r\n\r\n<p><strong>DESPACHO N\u00ba 52, DE 8 DE ABRIL DE 2020<\/strong><br \/>Abre Processo de Regula\u00e7\u00e3o para autoriza\u00e7\u00e3o pr\u00e9via para fins de exporta\u00e7\u00e3o de cloroquina e hidroxicloroquina, azitromicina e seus sais destinados ao combate da Covid-19; e dispensa de An\u00e1lise de Impacto Regulat\u00f3rio (AIR) e de Consulta P\u00fablica (CP) por alto grau de urg\u00eancia e gravidade.<\/p>\r\n\r\n\r\n\r\n<p><strong>DESPACHO N\u00ba 53, DE 8 DE ABRIL DE 2020<\/strong><br \/>Abre Processo de Regula\u00e7\u00e3o que disp\u00f5e sobre os requisitos sanit\u00e1rios para a importa\u00e7\u00e3o realizada por pessoa f\u00edsica pela modalidade de remessa postal, remessa expressa e bagagem acompanhada durante a pandemia do novo Coronav\u00edrus; e dispensa de An\u00e1lise de Impacto Regulat\u00f3rio (AIR) e de Consulta P\u00fablica (CP) por alto grau de urg\u00eancia e gravidade.<\/p>\r\n\r\n\r\n\r\n<p><strong>DESPACHO N\u00ba 54, DE 9 DE ABRIL DE 2020<\/strong><br \/>Abre Processo Regulat\u00f3rio para dispor sobre os requisitos para a fabrica\u00e7\u00e3o, importa\u00e7\u00e3o e aquisi\u00e7\u00e3o de dispositivos m\u00e9dicos identificados como priorit\u00e1rios para uso em servi\u00e7os de sa\u00fade, de forma extraordin\u00e1ria e tempor\u00e1ria, em virtude da emerg\u00eancia de sa\u00fade p\u00fablica internacional relacionada ao SARS-CoV-2; e dispensa de An\u00e1lise de Impacto Regulat\u00f3rio (AIR) e de Consulta P\u00fablica (CP) por alto grau de urg\u00eancia e gravidade.<\/p>\r\n\r\n\r\n\r\n<p><strong>DESPACHO N\u00ba 61, DE 13 DE ABRIL DE 2020<\/strong><br \/>Abre Processo Regulat\u00f3rio para a importa\u00e7\u00e3o de produtos para diagn\u00f3stico in vitro de Coronav\u00edrus durante a emerg\u00eancia de sa\u00fade p\u00fablica de import\u00e2ncia internacional decorrente do Sars-Cov-2; e dispensa de An\u00e1lise de Impacto Regulat\u00f3rio (AIR) e de Consulta P\u00fablica (CP) por alto grau de urg\u00eancia e gravidade.<\/p>\r\n\r\n\r\n\r\n<p><strong>PORTARIA N\u00ba 23, DE 14 DE ABRIL DE 2020<\/strong><br \/>Autoriza a prorroga\u00e7\u00e3o da aplica\u00e7\u00e3o do Mecanismo de exce\u00e7\u00e3o \u00e0 Regra de Origem em caso de desabastecimento de insumos na Argentina, no Brasil e na Col\u00f4mbia, previsto no Ap\u00eandice 4 do Anexo IV do Acordo de Complementa\u00e7\u00e3o Econ\u00f4mica n\u00ba 72 (ACE 72), internalizado no ordenamento jur\u00eddico brasileiro por meio do Decreto n\u00ba 9.230\/2017, para as exporta\u00e7\u00f5es colombianas para o Brasil para os par\u00e2metros que especifica. O per\u00edodo de aplica\u00e7\u00e3o do Mecanismo ter\u00e1 vig\u00eancia de 12 meses a contar do dia 12\/04\/2020.<\/p>\r\n\r\n\r\n\r\n<h4 class=\"wp-block-heading\">PUBLICADO DOU 14\/04\/2020<\/h4>\r\n\r\n\r\n\r\n<p><strong>INSTRU\u00c7\u00c3O NORMATIVA N\u00ba 15, DE 8 DE ABRIL DE 2020<\/strong><br \/>Altera a IN n\u00ba 12\/2015, que aprova os requisitos fitossanit\u00e1rios para a importa\u00e7\u00e3o de produtos da Categoria 3, classe 4, da Categoria 2, classe 10, e da Categoria 3, Classe 10, das esp\u00e9cies e origens que especifica.<\/p>\r\n\r\n\r\n\r\n<p><strong>RESOLU\u00c7\u00c3O RDC N\u00ba 370, DE 13 DE ABRIL DE 2020<\/strong><br \/>Altera a Resolu\u00e7\u00e3o RDC n\u00ba 352\/2020, que disp\u00f5e sobre a autoriza\u00e7\u00e3o pr\u00e9via para fins de exporta\u00e7\u00e3o de mat\u00e9ria-prima, produto semielaborado, produto a granel ou produto farmac\u00eautico acabado destinados ao combate da Covid-19.<\/p>\r\n\r\n\r\n\r\n<h4 class=\"wp-block-heading\">PUBLICADO DOU 13\/04\/2020<\/h4>\r\n\r\n\r\n\r\n<p><strong>PORTARIA N\u00ba 170, DE 8 DE ABRIL DE 2020<\/strong><br \/>Disciplina os procedimentos emergenciais relacionados ao agendamento de posicionamento de cargas nos recintos aduaneiros e \u00e0 verifica\u00e7\u00e3o remota de mercadorias por meio de imagens, na importa\u00e7\u00e3o, exporta\u00e7\u00e3o e tr\u00e2nsito aduaneiro, no \u00e2mbito da 6\u00aa Regi\u00e3o Fiscal, enquanto durarem as medidas de enfrentamento da emerg\u00eancia de sa\u00fade p\u00fablica decorrente do Coronav\u00edrus (Covid-19).<\/p>\r\n\r\n\r\n\r\n<p><strong>PORTARIA N\u00ba 192, DE 9 DE ABRIL DE 2020<\/strong><br \/>Transfere, temporariamente, para a Alf\u00e2ndega do Aeroporto Internacional de Bras\u00edlia-DF as compet\u00eancias e as atribui\u00e7\u00f5es relativas \u00e0 gest\u00e3o de riscos para o despacho aduaneiro de importa\u00e7\u00e3o e de exporta\u00e7\u00e3o no \u00e2mbito da 1\u00aa Regi\u00e3o Fiscal.<\/p>\r\n\r\n\r\n\r\n<p><strong>PORTARIA N\u00ba 232, DE 8 DE ABRIL DE 2020<\/strong><br \/>Estabelece regras para o atendimento no \u00e2mbito das unidades da 4\u00aa Regi\u00e3o Fiscal, inclusive por meio de endere\u00e7o eletr\u00f4nico, enquanto durar o estado de emerg\u00eancia de sa\u00fade p\u00fablica decorrente do novo Coronav\u00edrus (Covid-19). Compete ao titular da unidade a ado\u00e7\u00e3o das medidas mais adequadas a seu funcionamento, devendo zelar pelo atendimento das demandas urgentes dos contribuintes, pela gest\u00e3o corporativa e pela continuidade dos servi\u00e7os aduaneiros necess\u00e1rios \u00e0 manuten\u00e7\u00e3o do fluxo do com\u00e9rcio exterior. Revoga a Portaria n\u00ba 190\/2020.<\/p>\r\n\r\n\r\n\r\n<p><strong>PORTARIA N\u00ba 70, DE 8 DE ABRIL DE 2020<\/strong><br \/>Prorroga por 60 dias o prazo para recebimento de manifesta\u00e7\u00f5es t\u00e9cnicas, previsto na Portaria n\u00ba 37\/2020, que submete \u00e0 consulta p\u00fablica o projeto de Instru\u00e7\u00e3o Normativa que altera o texto da IN n\u00ba 26\/2009, sobre o Regulamento T\u00e9cnico para a fabrica\u00e7\u00e3o, o controle de qualidade, a comercializa\u00e7\u00e3o e o emprego de produtos antimicrobianos de uso veterin\u00e1rio.<\/p>\r\n\r\n\r\n\r\n<p><strong>PORTARIA N\u00ba 71, DE 8 DE ABRIL DE 2020<\/strong><br \/>Prorroga por 60 dias o prazo para recebimento de manifesta\u00e7\u00f5es t\u00e9cnicas, previsto na Portaria n\u00ba 36\/2020, que submete \u00e0 consulta p\u00fablica o projeto de Instru\u00e7\u00e3o Normativa de Regulamento T\u00e9cnico contendo os requisitos para registro simplificado de produto de uso veterin\u00e1rio.<\/p>\r\n\r\n\r\n\r\n<p><strong>PORTARIA N\u00ba 86, DE 8 DE ABRIL DE 2020<\/strong><br \/>Prorroga por 60 dias o prazo para recebimento de manifesta\u00e7\u00f5es t\u00e9cnicas, previsto na Portaria n\u00ba 35\/2020, que submete \u00e0 consulta p\u00fablica o Projeto de Instru\u00e7\u00e3o Normativa que visa a atualizar o Regulamento T\u00e9cnico para a aprova\u00e7\u00e3o dos crit\u00e9rios e procedimentos, avalia\u00e7\u00e3o da efic\u00e1cia, da seguran\u00e7a e da rotulagem de produtos antiparasit\u00e1rios de uso veterin\u00e1rio, elaborados no Pa\u00eds ou importados, para fins de registro, altera\u00e7\u00e3o de registro e renova\u00e7\u00e3o de registro.<\/p>\r\n\r\n\r\n\r\n<p><strong>PROTOCOLO ICMS 01\/20, DE 9 DE ABRIL DE 2020<\/strong><br \/>Disp\u00f5e sobre a ades\u00e3o do Estado de Goi\u00e1s e altera o Protocolo n\u00ba 40\/2019, que estabelece procedimentos diferenciados para a emiss\u00e3o do Conhecimento de Transporte Eletr\u00f4nico (CT-e) relativo \u00e0 presta\u00e7\u00e3o de servi\u00e7o de transporte ferrovi\u00e1rio de produtos destinados \u00e0 exporta\u00e7\u00e3o pelo Porto de Santos, na hip\u00f3tese que especifica.<\/p>\r\n\r\n\r\n\r\n<p><strong>LEGISLA\u00c7\u00c3O TRIBUT\u00c1RIA \u2013 ESTADO DO PARAN\u00c1<\/strong><br \/><a href=\"https:\/\/www.arinternet.pr.gov.br\/portalsefa\/_l_downloadlegislacao2.asp?eTpDoc=0&#038;eTpPer=5&#038;eTpMod=1\">Clique aqui<\/a> e confira na integra os documentos cadastrados nos \u00faltimos 30 dias.<\/p>\r\n\r\n\r\n<hr class=\"wp-block-separator\" \/>\r\n\r\n\r\n<p>Atualize-se diariamente com as principais not\u00edcias e legisla\u00e7\u00f5es do Com\u00e9rcio Exterior. Acompanhe nossas redes: <a href=\"http:\/\/www.linkedin.com\/company\/mastersul-comex\">Linkedin<\/a>\u00a0|\u00a0<a href=\"http:\/\/www.facebook.com\/mastersul\">Facebook<\/a>\u00a0|\u00a0<a href=\"https:\/\/www.instagram.com\/mastersul_comex\/?hl=pt-br\">Instagram<\/a><\/p>\r\n","protected":false},"excerpt":{"rendered":"<p>NOT\u00cdCIAS SISCOMEX Importa\u00e7\u00e3o n\u00b0 025\/2020C\u00f3digos de EX do IPI14\/04\/2020 Exporta\u00e7\u00e3o n\u00b0 017\/2020Altera\u00e7\u00e3o do Tratamento Administrativo E018014\/04\/2020 Importa\u00e7\u00e3o n\u00b0 024\/2020Dispensa de licenciamento de anu\u00eancia da SUEXT09\/04\/2020 Exporta\u00e7\u00e3o n\u00b0 016\/2020Inclus\u00e3o de NCM no modelo de LPCO E0011509\/04\/2020 PUBLICADO DOU 17\/04\/2020 ATO DECLARAT\u00d3RIO EXECUTIVO N\u00ba 1, DE 16 DE ABRIL DE 2020Altera o ADE n\u00ba 1\/2019, que disp\u00f5e [&hellip;]<\/p>\n","protected":false},"author":1,"featured_media":1932,"comment_status":"open","ping_status":"closed","sticky":false,"template":"","format":"standard","meta":{"_acf_changed":false,"rop_custom_images_group":[],"rop_custom_messages_group":[],"rop_publish_now":"initial","rop_publish_now_accounts":[],"rop_publish_now_history":[],"rop_publish_now_status":"pending","footnotes":""},"categories":[1],"tags":[],"class_list":["post-1976","post","type-post","status-publish","format-standard","has-post-thumbnail","hentry","category-sem-categoria"],"acf":[],"yoast_head":"<!-- This site is optimized with the Yoast SEO plugin v27.5 - https:\/\/yoast.com\/product\/yoast-seo-wordpress\/ -->\n<title>NOT\u00cdCIAS DO COM\u00c9RCIO EXTERIOR \u2013 LEGISLA\u00c7\u00d5ES E NOT\u00cdCIAS DO COMEX<\/title>\n<meta name=\"robots\" content=\"index, follow, max-snippet:-1, max-image-preview:large, max-video-preview:-1\" \/>\n<link rel=\"canonical\" href=\"https:\/\/mastersul.com.br\/es\/noticias-do-comercio-exterior-legislacoes-e-noticias-do-comex-3\/\" \/>\n<meta property=\"og:locale\" content=\"es_ES\" \/>\n<meta property=\"og:locale:alternate\" content=\"pt_BR\" \/>\n<meta property=\"og:locale:alternate\" content=\"en_US\" \/>\n<meta property=\"og:type\" content=\"article\" \/>\n<meta property=\"og:title\" content=\"NOT\u00cdCIAS DO COM\u00c9RCIO EXTERIOR \u2013 LEGISLA\u00c7\u00d5ES E NOT\u00cdCIAS DO COMEX\" \/>\n<meta property=\"og:description\" content=\"NOT\u00cdCIAS SISCOMEX Importa\u00e7\u00e3o n\u00b0 025\/2020C\u00f3digos de EX do IPI14\/04\/2020 Exporta\u00e7\u00e3o n\u00b0 017\/2020Altera\u00e7\u00e3o do Tratamento Administrativo E018014\/04\/2020 Importa\u00e7\u00e3o n\u00b0 024\/2020Dispensa de licenciamento de anu\u00eancia da SUEXT09\/04\/2020 Exporta\u00e7\u00e3o n\u00b0 016\/2020Inclus\u00e3o de NCM no modelo de LPCO E0011509\/04\/2020 PUBLICADO DOU 17\/04\/2020 ATO DECLARAT\u00d3RIO EXECUTIVO N\u00ba 1, DE 16 DE ABRIL DE 2020Altera o ADE n\u00ba 1\/2019, que disp\u00f5e [&hellip;]\" \/>\n<meta property=\"og:url\" content=\"https:\/\/mastersul.com.br\/es\/noticias-do-comercio-exterior-legislacoes-e-noticias-do-comex-3\/\" \/>\n<meta property=\"og:site_name\" content=\"Mastersul\" \/>\n<meta property=\"article:published_time\" content=\"2020-04-19T00:48:44+00:00\" \/>\n<meta property=\"article:modified_time\" content=\"2022-11-10T14:02:13+00:00\" \/>\n<meta property=\"og:image\" content=\"https:\/\/mastersul.com.br\/wp-content\/uploads\/2022\/11\/unnamed.png\" \/>\n\t<meta property=\"og:image:width\" content=\"1200\" \/>\n\t<meta property=\"og:image:height\" content=\"627\" \/>\n\t<meta property=\"og:image:type\" content=\"image\/png\" \/>\n<meta name=\"author\" content=\"Gabriel Amarante\" \/>\n<meta name=\"twitter:card\" content=\"summary_large_image\" \/>\n<meta name=\"twitter:label1\" content=\"Escrito por\" \/>\n\t<meta name=\"twitter:data1\" content=\"Gabriel Amarante\" \/>\n\t<meta name=\"twitter:label2\" content=\"Tiempo de lectura\" \/>\n\t<meta name=\"twitter:data2\" content=\"11 minutos\" \/>\n<script type=\"application\/ld+json\" class=\"yoast-schema-graph\">{\"@context\":\"https:\\\/\\\/schema.org\",\"@graph\":[{\"@type\":\"Article\",\"@id\":\"https:\\\/\\\/mastersul.com.br\\\/noticias-do-comercio-exterior-legislacoes-e-noticias-do-comex-3\\\/#article\",\"isPartOf\":{\"@id\":\"https:\\\/\\\/mastersul.com.br\\\/noticias-do-comercio-exterior-legislacoes-e-noticias-do-comex-3\\\/\"},\"author\":{\"name\":\"Gabriel Amarante\",\"@id\":\"https:\\\/\\\/mastersul.com.br\\\/#\\\/schema\\\/person\\\/462270e149759539a07d47944ab9fa83\"},\"headline\":\"NOT\u00cdCIAS DO COM\u00c9RCIO EXTERIOR \u2013 LEGISLA\u00c7\u00d5ES E NOT\u00cdCIAS DO COMEX\",\"datePublished\":\"2020-04-19T00:48:44+00:00\",\"dateModified\":\"2022-11-10T14:02:13+00:00\",\"mainEntityOfPage\":{\"@id\":\"https:\\\/\\\/mastersul.com.br\\\/noticias-do-comercio-exterior-legislacoes-e-noticias-do-comex-3\\\/\"},\"wordCount\":2073,\"commentCount\":0,\"image\":{\"@id\":\"https:\\\/\\\/mastersul.com.br\\\/noticias-do-comercio-exterior-legislacoes-e-noticias-do-comex-3\\\/#primaryimage\"},\"thumbnailUrl\":\"https:\\\/\\\/mastersul.com.br\\\/wp-content\\\/uploads\\\/2022\\\/11\\\/unnamed.png\",\"articleSection\":[\"Sem categoria\"],\"inLanguage\":\"es\",\"potentialAction\":[{\"@type\":\"CommentAction\",\"name\":\"Comment\",\"target\":[\"https:\\\/\\\/mastersul.com.br\\\/noticias-do-comercio-exterior-legislacoes-e-noticias-do-comex-3\\\/#respond\"]}]},{\"@type\":\"WebPage\",\"@id\":\"https:\\\/\\\/mastersul.com.br\\\/noticias-do-comercio-exterior-legislacoes-e-noticias-do-comex-3\\\/\",\"url\":\"https:\\\/\\\/mastersul.com.br\\\/noticias-do-comercio-exterior-legislacoes-e-noticias-do-comex-3\\\/\",\"name\":\"NOT\u00cdCIAS DO COM\u00c9RCIO EXTERIOR \u2013 LEGISLA\u00c7\u00d5ES E NOT\u00cdCIAS DO COMEX\",\"isPartOf\":{\"@id\":\"https:\\\/\\\/mastersul.com.br\\\/#website\"},\"primaryImageOfPage\":{\"@id\":\"https:\\\/\\\/mastersul.com.br\\\/noticias-do-comercio-exterior-legislacoes-e-noticias-do-comex-3\\\/#primaryimage\"},\"image\":{\"@id\":\"https:\\\/\\\/mastersul.com.br\\\/noticias-do-comercio-exterior-legislacoes-e-noticias-do-comex-3\\\/#primaryimage\"},\"thumbnailUrl\":\"https:\\\/\\\/mastersul.com.br\\\/wp-content\\\/uploads\\\/2022\\\/11\\\/unnamed.png\",\"datePublished\":\"2020-04-19T00:48:44+00:00\",\"dateModified\":\"2022-11-10T14:02:13+00:00\",\"author\":{\"@id\":\"https:\\\/\\\/mastersul.com.br\\\/#\\\/schema\\\/person\\\/462270e149759539a07d47944ab9fa83\"},\"breadcrumb\":{\"@id\":\"https:\\\/\\\/mastersul.com.br\\\/noticias-do-comercio-exterior-legislacoes-e-noticias-do-comex-3\\\/#breadcrumb\"},\"inLanguage\":\"es\",\"potentialAction\":[{\"@type\":\"ReadAction\",\"target\":[\"https:\\\/\\\/mastersul.com.br\\\/noticias-do-comercio-exterior-legislacoes-e-noticias-do-comex-3\\\/\"]}]},{\"@type\":\"ImageObject\",\"inLanguage\":\"es\",\"@id\":\"https:\\\/\\\/mastersul.com.br\\\/noticias-do-comercio-exterior-legislacoes-e-noticias-do-comex-3\\\/#primaryimage\",\"url\":\"https:\\\/\\\/mastersul.com.br\\\/wp-content\\\/uploads\\\/2022\\\/11\\\/unnamed.png\",\"contentUrl\":\"https:\\\/\\\/mastersul.com.br\\\/wp-content\\\/uploads\\\/2022\\\/11\\\/unnamed.png\",\"width\":1200,\"height\":627},{\"@type\":\"BreadcrumbList\",\"@id\":\"https:\\\/\\\/mastersul.com.br\\\/noticias-do-comercio-exterior-legislacoes-e-noticias-do-comex-3\\\/#breadcrumb\",\"itemListElement\":[{\"@type\":\"ListItem\",\"position\":1,\"name\":\"In\u00edcio\",\"item\":\"https:\\\/\\\/mastersul.com.br\\\/\"},{\"@type\":\"ListItem\",\"position\":2,\"name\":\"NOT\u00cdCIAS DO COM\u00c9RCIO EXTERIOR \u2013 LEGISLA\u00c7\u00d5ES E NOT\u00cdCIAS DO COMEX\"}]},{\"@type\":\"WebSite\",\"@id\":\"https:\\\/\\\/mastersul.com.br\\\/#website\",\"url\":\"https:\\\/\\\/mastersul.com.br\\\/\",\"name\":\"Mastersul\",\"description\":\"Solu\u00e7\u00e3o log\u00edstica e aduaneira para a sua empresa\",\"potentialAction\":[{\"@type\":\"SearchAction\",\"target\":{\"@type\":\"EntryPoint\",\"urlTemplate\":\"https:\\\/\\\/mastersul.com.br\\\/?s={search_term_string}\"},\"query-input\":{\"@type\":\"PropertyValueSpecification\",\"valueRequired\":true,\"valueName\":\"search_term_string\"}}],\"inLanguage\":\"es\"},{\"@type\":\"Person\",\"@id\":\"https:\\\/\\\/mastersul.com.br\\\/#\\\/schema\\\/person\\\/462270e149759539a07d47944ab9fa83\",\"name\":\"Gabriel Amarante\",\"image\":{\"@type\":\"ImageObject\",\"inLanguage\":\"es\",\"@id\":\"https:\\\/\\\/secure.gravatar.com\\\/avatar\\\/5b353e3e410b34e6bf21da9daf0ca97fd281ee9482091f81c438d5225f0e1e19?s=96&d=mm&r=g\",\"url\":\"https:\\\/\\\/secure.gravatar.com\\\/avatar\\\/5b353e3e410b34e6bf21da9daf0ca97fd281ee9482091f81c438d5225f0e1e19?s=96&d=mm&r=g\",\"contentUrl\":\"https:\\\/\\\/secure.gravatar.com\\\/avatar\\\/5b353e3e410b34e6bf21da9daf0ca97fd281ee9482091f81c438d5225f0e1e19?s=96&d=mm&r=g\",\"caption\":\"Gabriel Amarante\"},\"sameAs\":[\"https:\\\/\\\/gabrielfreelancer.com.br\"],\"url\":\"https:\\\/\\\/mastersul.com.br\\\/es\\\/author\\\/amarante\\\/\"}]}<\/script>\n<!-- \/ Yoast SEO plugin. -->","yoast_head_json":{"title":"NOT\u00cdCIAS DO COM\u00c9RCIO EXTERIOR \u2013 LEGISLA\u00c7\u00d5ES E NOT\u00cdCIAS DO COMEX","robots":{"index":"index","follow":"follow","max-snippet":"max-snippet:-1","max-image-preview":"max-image-preview:large","max-video-preview":"max-video-preview:-1"},"canonical":"https:\/\/mastersul.com.br\/es\/noticias-do-comercio-exterior-legislacoes-e-noticias-do-comex-3\/","og_locale":"es_ES","og_type":"article","og_title":"[:pt]NOT\u00cdCIAS DO COM\u00c9RCIO EXTERIOR \u2013 LEGISLA\u00c7\u00d5ES E NOT\u00cdCIAS DO COMEX[:] - Mastersul","og_description":"NOT\u00cdCIAS SISCOMEX Importa\u00e7\u00e3o n\u00b0 025\/2020C\u00f3digos de EX do IPI14\/04\/2020 Exporta\u00e7\u00e3o n\u00b0 017\/2020Altera\u00e7\u00e3o do Tratamento Administrativo E018014\/04\/2020 Importa\u00e7\u00e3o n\u00b0 024\/2020Dispensa de licenciamento de anu\u00eancia da SUEXT09\/04\/2020 Exporta\u00e7\u00e3o n\u00b0 016\/2020Inclus\u00e3o de NCM no modelo de LPCO E0011509\/04\/2020 PUBLICADO DOU 17\/04\/2020 ATO DECLARAT\u00d3RIO EXECUTIVO N\u00ba 1, DE 16 DE ABRIL DE 2020Altera o ADE n\u00ba 1\/2019, que disp\u00f5e [&hellip;]","og_url":"https:\/\/mastersul.com.br\/es\/noticias-do-comercio-exterior-legislacoes-e-noticias-do-comex-3\/","og_site_name":"Mastersul","article_published_time":"2020-04-19T00:48:44+00:00","article_modified_time":"2022-11-10T14:02:13+00:00","og_image":[{"width":1200,"height":627,"url":"https:\/\/mastersul.com.br\/wp-content\/uploads\/2022\/11\/unnamed.png","type":"image\/png"}],"author":"Gabriel Amarante","twitter_card":"summary_large_image","twitter_misc":{"Escrito por":"Gabriel Amarante","Tiempo de lectura":"11 minutos"},"schema":{"@context":"https:\/\/schema.org","@graph":[{"@type":"Article","@id":"https:\/\/mastersul.com.br\/noticias-do-comercio-exterior-legislacoes-e-noticias-do-comex-3\/#article","isPartOf":{"@id":"https:\/\/mastersul.com.br\/noticias-do-comercio-exterior-legislacoes-e-noticias-do-comex-3\/"},"author":{"name":"Gabriel Amarante","@id":"https:\/\/mastersul.com.br\/#\/schema\/person\/462270e149759539a07d47944ab9fa83"},"headline":"NOT\u00cdCIAS DO COM\u00c9RCIO EXTERIOR \u2013 LEGISLA\u00c7\u00d5ES E NOT\u00cdCIAS DO COMEX","datePublished":"2020-04-19T00:48:44+00:00","dateModified":"2022-11-10T14:02:13+00:00","mainEntityOfPage":{"@id":"https:\/\/mastersul.com.br\/noticias-do-comercio-exterior-legislacoes-e-noticias-do-comex-3\/"},"wordCount":2073,"commentCount":0,"image":{"@id":"https:\/\/mastersul.com.br\/noticias-do-comercio-exterior-legislacoes-e-noticias-do-comex-3\/#primaryimage"},"thumbnailUrl":"https:\/\/mastersul.com.br\/wp-content\/uploads\/2022\/11\/unnamed.png","articleSection":["Sem categoria"],"inLanguage":"es","potentialAction":[{"@type":"CommentAction","name":"Comment","target":["https:\/\/mastersul.com.br\/noticias-do-comercio-exterior-legislacoes-e-noticias-do-comex-3\/#respond"]}]},{"@type":"WebPage","@id":"https:\/\/mastersul.com.br\/noticias-do-comercio-exterior-legislacoes-e-noticias-do-comex-3\/","url":"https:\/\/mastersul.com.br\/noticias-do-comercio-exterior-legislacoes-e-noticias-do-comex-3\/","name":"NOT\u00cdCIAS DO COM\u00c9RCIO EXTERIOR \u2013 LEGISLA\u00c7\u00d5ES E NOT\u00cdCIAS DO COMEX","isPartOf":{"@id":"https:\/\/mastersul.com.br\/#website"},"primaryImageOfPage":{"@id":"https:\/\/mastersul.com.br\/noticias-do-comercio-exterior-legislacoes-e-noticias-do-comex-3\/#primaryimage"},"image":{"@id":"https:\/\/mastersul.com.br\/noticias-do-comercio-exterior-legislacoes-e-noticias-do-comex-3\/#primaryimage"},"thumbnailUrl":"https:\/\/mastersul.com.br\/wp-content\/uploads\/2022\/11\/unnamed.png","datePublished":"2020-04-19T00:48:44+00:00","dateModified":"2022-11-10T14:02:13+00:00","author":{"@id":"https:\/\/mastersul.com.br\/#\/schema\/person\/462270e149759539a07d47944ab9fa83"},"breadcrumb":{"@id":"https:\/\/mastersul.com.br\/noticias-do-comercio-exterior-legislacoes-e-noticias-do-comex-3\/#breadcrumb"},"inLanguage":"es","potentialAction":[{"@type":"ReadAction","target":["https:\/\/mastersul.com.br\/noticias-do-comercio-exterior-legislacoes-e-noticias-do-comex-3\/"]}]},{"@type":"ImageObject","inLanguage":"es","@id":"https:\/\/mastersul.com.br\/noticias-do-comercio-exterior-legislacoes-e-noticias-do-comex-3\/#primaryimage","url":"https:\/\/mastersul.com.br\/wp-content\/uploads\/2022\/11\/unnamed.png","contentUrl":"https:\/\/mastersul.com.br\/wp-content\/uploads\/2022\/11\/unnamed.png","width":1200,"height":627},{"@type":"BreadcrumbList","@id":"https:\/\/mastersul.com.br\/noticias-do-comercio-exterior-legislacoes-e-noticias-do-comex-3\/#breadcrumb","itemListElement":[{"@type":"ListItem","position":1,"name":"In\u00edcio","item":"https:\/\/mastersul.com.br\/"},{"@type":"ListItem","position":2,"name":"NOT\u00cdCIAS DO COM\u00c9RCIO EXTERIOR \u2013 LEGISLA\u00c7\u00d5ES E NOT\u00cdCIAS DO COMEX"}]},{"@type":"WebSite","@id":"https:\/\/mastersul.com.br\/#website","url":"https:\/\/mastersul.com.br\/","name":"Mastersul","description":"Solu\u00e7\u00e3o log\u00edstica e aduaneira para a sua empresa","potentialAction":[{"@type":"SearchAction","target":{"@type":"EntryPoint","urlTemplate":"https:\/\/mastersul.com.br\/?s={search_term_string}"},"query-input":{"@type":"PropertyValueSpecification","valueRequired":true,"valueName":"search_term_string"}}],"inLanguage":"es"},{"@type":"Person","@id":"https:\/\/mastersul.com.br\/#\/schema\/person\/462270e149759539a07d47944ab9fa83","name":"Gabriel Amarante","image":{"@type":"ImageObject","inLanguage":"es","@id":"https:\/\/secure.gravatar.com\/avatar\/5b353e3e410b34e6bf21da9daf0ca97fd281ee9482091f81c438d5225f0e1e19?s=96&d=mm&r=g","url":"https:\/\/secure.gravatar.com\/avatar\/5b353e3e410b34e6bf21da9daf0ca97fd281ee9482091f81c438d5225f0e1e19?s=96&d=mm&r=g","contentUrl":"https:\/\/secure.gravatar.com\/avatar\/5b353e3e410b34e6bf21da9daf0ca97fd281ee9482091f81c438d5225f0e1e19?s=96&d=mm&r=g","caption":"Gabriel Amarante"},"sameAs":["https:\/\/gabrielfreelancer.com.br"],"url":"https:\/\/mastersul.com.br\/es\/author\/amarante\/"}]}},"_links":{"self":[{"href":"https:\/\/mastersul.com.br\/es\/wp-json\/wp\/v2\/posts\/1976","targetHints":{"allow":["GET"]}}],"collection":[{"href":"https:\/\/mastersul.com.br\/es\/wp-json\/wp\/v2\/posts"}],"about":[{"href":"https:\/\/mastersul.com.br\/es\/wp-json\/wp\/v2\/types\/post"}],"author":[{"embeddable":true,"href":"https:\/\/mastersul.com.br\/es\/wp-json\/wp\/v2\/users\/1"}],"replies":[{"embeddable":true,"href":"https:\/\/mastersul.com.br\/es\/wp-json\/wp\/v2\/comments?post=1976"}],"version-history":[{"count":1,"href":"https:\/\/mastersul.com.br\/es\/wp-json\/wp\/v2\/posts\/1976\/revisions"}],"predecessor-version":[{"id":2258,"href":"https:\/\/mastersul.com.br\/es\/wp-json\/wp\/v2\/posts\/1976\/revisions\/2258"}],"wp:featuredmedia":[{"embeddable":true,"href":"https:\/\/mastersul.com.br\/es\/wp-json\/wp\/v2\/media\/1932"}],"wp:attachment":[{"href":"https:\/\/mastersul.com.br\/es\/wp-json\/wp\/v2\/media?parent=1976"}],"wp:term":[{"taxonomy":"category","embeddable":true,"href":"https:\/\/mastersul.com.br\/es\/wp-json\/wp\/v2\/categories?post=1976"},{"taxonomy":"post_tag","embeddable":true,"href":"https:\/\/mastersul.com.br\/es\/wp-json\/wp\/v2\/tags?post=1976"}],"curies":[{"name":"wp","href":"https:\/\/api.w.org\/{rel}","templated":true}]}}